{"id":609,"date":"2025-10-15T14:32:31","date_gmt":"2025-10-15T12:32:31","guid":{"rendered":"https:\/\/poumonvertsaintmitre.fr\/?p=609"},"modified":"2025-10-15T14:42:44","modified_gmt":"2025-10-15T12:42:44","slug":"un-retour-du-projet-routier-de-la-linea-a-allauch-la-reponse-est-non","status":"publish","type":"post","link":"https:\/\/poumonvertsaintmitre.fr\/index.php\/2025\/10\/15\/un-retour-du-projet-routier-de-la-linea-a-allauch-la-reponse-est-non\/","title":{"rendered":"Un retour du projet routier de la LINEA \u00e0 Allauch ? La r\u00e9ponse est NON !"},"content":{"rendered":"\n<p><em>\u00ab\u00a0\u00c0 l&rsquo;occasion du dernier Conseil de M\u00e9tropole, le journal \u00ab\u00a0La Provence\u00a0\u00bb s&rsquo;est interrog\u00e9 sur la possibilit\u00e9 de remettre au go\u00fbt du jour le projet routier de la LINEA. La r\u00e9ponse est toujours la m\u00eame : nous ne voulons pas d\u2019un tel projet \u00e0 Allauch [&#8230;]\u00a0\u00bb<\/em><\/p>\n\n\n\n<p><span style=\"text-decoration: underline;\">Ecouter la suite : <\/span><\/p>\n\n\n\n<figure class=\"wp-block-embed is-type-video is-provider-youtube wp-block-embed-youtube wp-embed-aspect-16-9 wp-has-aspect-ratio\"><div class=\"wp-block-embed__wrapper\">\n<div class=\"zak-oembed-container\"><iframe loading=\"lazy\" title=\"Conseil municipal du 25 septembre 2025\" width=\"812\" height=\"457\" src=\"https:\/\/www.youtube.com\/embed\/hVdwp9fVLBc?start=605&#038;feature=oembed\" frameborder=\"0\" allow=\"accelerometer; autoplay; clipboard-write; encrypted-media; gyroscope; picture-in-picture; web-share\" referrerpolicy=\"strict-origin-when-cross-origin\" allowfullscreen><\/iframe><\/div>\n<\/div><\/figure>\n\n\n\n<p>Source : <a href=\"https:\/\/www.instagram.com\/p\/DO81_sqCN7C\/?utm_source=ig_web_copy_link\" data-type=\"link\" data-id=\"https:\/\/www.instagram.com\/p\/DO81_sqCN7C\/?utm_source=ig_web_copy_link\" target=\"_blank\" rel=\"noreferrer noopener\">Post Instagram Lionel De Cala<\/a><\/p>\n\n\n\n<p><\/p>\n","protected":false},"excerpt":{"rendered":"<p>\u00ab\u00a0\u00c0 l&rsquo;occasion du dernier Conseil de M\u00e9tropole, le journal \u00ab\u00a0La Provence\u00a0\u00bb s&rsquo;est interrog\u00e9 sur la possibilit\u00e9 de remettre au go\u00fbt du jour le projet routier de la LINEA. La r\u00e9ponse est toujours la m\u00eame : nous ne voulons pas d\u2019un tel projet \u00e0 Allauch [&#8230;]\u00a0\u00bb Ecouter la suite : Source : Post Instagram Lionel De [&hellip;]<\/p>\n","protected":false},"author":1,"featured_media":611,"comment_status":"open","ping_status":"open","sticky":false,"template":"","format":"standard","meta":{"footnotes":""},"categories":[13],"tags":[],"class_list":["post-609","post","type-post","status-publish","format-standard","has-post-thumbnail","hentry","category-la-suppression-des-emplacements-reserves-pour-lex-linea-2"],"_links":{"self":[{"href":"https:\/\/poumonvertsaintmitre.fr\/index.php\/wp-json\/wp\/v2\/posts\/609","targetHints":{"allow":["GET"]}}],"collection":[{"href":"https:\/\/poumonvertsaintmitre.fr\/index.php\/wp-json\/wp\/v2\/posts"}],"about":[{"href":"https:\/\/poumonvertsaintmitre.fr\/index.php\/wp-json\/wp\/v2\/types\/post"}],"author":[{"embeddable":true,"href":"https:\/\/poumonvertsaintmitre.fr\/index.php\/wp-json\/wp\/v2\/users\/1"}],"replies":[{"embeddable":true,"href":"https:\/\/poumonvertsaintmitre.fr\/index.php\/wp-json\/wp\/v2\/comments?post=609"}],"version-history":[{"count":2,"href":"https:\/\/poumonvertsaintmitre.fr\/index.php\/wp-json\/wp\/v2\/posts\/609\/revisions"}],"predecessor-version":[{"id":613,"href":"https:\/\/poumonvertsaintmitre.fr\/index.php\/wp-json\/wp\/v2\/posts\/609\/revisions\/613"}],"wp:featuredmedia":[{"embeddable":true,"href":"https:\/\/poumonvertsaintmitre.fr\/index.php\/wp-json\/wp\/v2\/media\/611"}],"wp:attachment":[{"href":"https:\/\/poumonvertsaintmitre.fr\/index.php\/wp-json\/wp\/v2\/media?parent=609"}],"wp:term":[{"taxonomy":"category","embeddable":true,"href":"https:\/\/poumonvertsaintmitre.fr\/index.php\/wp-json\/wp\/v2\/categories?post=609"},{"taxonomy":"post_tag","embeddable":true,"href":"https:\/\/poumonvertsaintmitre.fr\/index.php\/wp-json\/wp\/v2\/tags?post=609"}],"curies":[{"name":"wp","href":"https:\/\/api.w.org\/{rel}","templated":true}]}}