{"id":552,"date":"2025-10-05T16:48:58","date_gmt":"2025-10-05T14:48:58","guid":{"rendered":"https:\/\/poumonvertsaintmitre.fr\/?p=552"},"modified":"2025-10-05T16:56:43","modified_gmt":"2025-10-05T14:56:43","slug":"10-ans-du-poumon-vert-retrospective","status":"publish","type":"post","link":"https:\/\/poumonvertsaintmitre.fr\/index.php\/2025\/10\/05\/10-ans-du-poumon-vert-retrospective\/","title":{"rendered":"10 ans du Poumon Vert : R\u00e9trospective"},"content":{"rendered":"\n<p class=\"has-text-color has-link-color wp-elements-c85d5db2bd7885f30f890044970f0c68\" style=\"color:#019409\"><strong>Merci @ tou.te.s de nous avoir permis de faire de ces 10 ans d&rsquo;existence de notre association \u00e0 la fois un moment festif mais aussi d&rsquo;\u00e9changes et de r\u00e9flexions pour d\u00e9fendre notre environnement dans le quartier de St-Mitre et au-del\u00e0 !<\/strong><\/p>\n\n\n\n<p class=\"has-text-align-center has-medium-font-size\"><span style=\"text-decoration: underline;\"><strong>Vid\u00e9o de t\u00e9moignage des membres :<\/strong><\/span><\/p>\n\n\n\n<figure class=\"wp-block-embed is-type-video is-provider-youtube wp-block-embed-youtube wp-embed-aspect-16-9 wp-has-aspect-ratio\"><div class=\"wp-block-embed__wrapper\">\n<div class=\"zak-oembed-container\"><iframe loading=\"lazy\" title=\"T\u00e9moignages 10 ans du Poumon Vert\" width=\"812\" height=\"457\" src=\"https:\/\/www.youtube.com\/embed\/r10Bg8IEgUw?feature=oembed\" frameborder=\"0\" allow=\"accelerometer; autoplay; clipboard-write; encrypted-media; gyroscope; picture-in-picture; web-share\" referrerpolicy=\"strict-origin-when-cross-origin\" allowfullscreen><\/iframe><\/div>\n<\/div><\/figure>\n\n\n\n<p class=\"has-text-align-center has-medium-font-size\"><span style=\"text-decoration: underline;\"><strong>Diaporama pr\u00e9sent\u00e9 :<\/strong><\/span><\/p>\n\n\n\n<figure class=\"wp-block-image size-large\"><a href=\"https:\/\/drive.google.com\/file\/d\/1RJPgn2asf0HKj1Y4W8bE0Ue2bnWRswi9\/view?usp=drive_link\" target=\"_blank\" rel=\" noreferrer noopener\"><img loading=\"lazy\" decoding=\"async\" width=\"1024\" height=\"687\" src=\"https:\/\/poumonvertsaintmitre.fr\/wp-content\/uploads\/2025\/10\/10-ans-1-1024x687.png\" alt=\"\" class=\"wp-image-605\" srcset=\"https:\/\/poumonvertsaintmitre.fr\/wp-content\/uploads\/2025\/10\/10-ans-1-1024x687.png 1024w, https:\/\/poumonvertsaintmitre.fr\/wp-content\/uploads\/2025\/10\/10-ans-1-300x201.png 300w, https:\/\/poumonvertsaintmitre.fr\/wp-content\/uploads\/2025\/10\/10-ans-1-768x516.png 768w, https:\/\/poumonvertsaintmitre.fr\/wp-content\/uploads\/2025\/10\/10-ans-1.png 1387w\" sizes=\"auto, (max-width: 1024px) 100vw, 1024px\" \/><\/a><\/figure>\n\n\n\n<p class=\"has-text-align-center has-medium-font-size\"><span style=\"text-decoration: underline;\"><strong>Photographies de la matin\u00e9e :<\/strong><\/span><\/p>\n\n\n\n<figure class=\"wp-block-image size-large\"><a href=\"https:\/\/photos.app.goo.gl\/4FZovhr95sMuUnE99\" target=\"_blank\" rel=\" noreferrer noopener\"><img loading=\"lazy\" decoding=\"async\" width=\"1024\" height=\"769\" src=\"https:\/\/poumonvertsaintmitre.fr\/wp-content\/uploads\/2025\/10\/PXL_20251004_074626936.MP_-1-1024x769.jpg\" alt=\"\" class=\"wp-image-599\" srcset=\"https:\/\/poumonvertsaintmitre.fr\/wp-content\/uploads\/2025\/10\/PXL_20251004_074626936.MP_-1-1024x769.jpg 1024w, https:\/\/poumonvertsaintmitre.fr\/wp-content\/uploads\/2025\/10\/PXL_20251004_074626936.MP_-1-300x225.jpg 300w, https:\/\/poumonvertsaintmitre.fr\/wp-content\/uploads\/2025\/10\/PXL_20251004_074626936.MP_-1-768x577.jpg 768w, https:\/\/poumonvertsaintmitre.fr\/wp-content\/uploads\/2025\/10\/PXL_20251004_074626936.MP_-1-1536x1153.jpg 1536w, https:\/\/poumonvertsaintmitre.fr\/wp-content\/uploads\/2025\/10\/PXL_20251004_074626936.MP_-1-2048x1538.jpg 2048w\" sizes=\"auto, (max-width: 1024px) 100vw, 1024px\" \/><\/a><\/figure>\n","protected":false},"excerpt":{"rendered":"<p>Merci @ tou.te.s de nous avoir permis de faire de ces 10 ans d&rsquo;existence de notre association \u00e0 la fois un moment festif mais aussi d&rsquo;\u00e9changes et de r\u00e9flexions pour d\u00e9fendre notre environnement dans le quartier de St-Mitre et au-del\u00e0 ! Vid\u00e9o de t\u00e9moignage des membres : Diaporama pr\u00e9sent\u00e9 : Photographies de la matin\u00e9e :<\/p>\n","protected":false},"author":1,"featured_media":599,"comment_status":"open","ping_status":"open","sticky":false,"template":"","format":"standard","meta":{"footnotes":""},"categories":[1],"tags":[],"class_list":["post-552","post","type-post","status-publish","format-standard","has-post-thumbnail","hentry","category-actu"],"_links":{"self":[{"href":"https:\/\/poumonvertsaintmitre.fr\/index.php\/wp-json\/wp\/v2\/posts\/552","targetHints":{"allow":["GET"]}}],"collection":[{"href":"https:\/\/poumonvertsaintmitre.fr\/index.php\/wp-json\/wp\/v2\/posts"}],"about":[{"href":"https:\/\/poumonvertsaintmitre.fr\/index.php\/wp-json\/wp\/v2\/types\/post"}],"author":[{"embeddable":true,"href":"https:\/\/poumonvertsaintmitre.fr\/index.php\/wp-json\/wp\/v2\/users\/1"}],"replies":[{"embeddable":true,"href":"https:\/\/poumonvertsaintmitre.fr\/index.php\/wp-json\/wp\/v2\/comments?post=552"}],"version-history":[{"count":6,"href":"https:\/\/poumonvertsaintmitre.fr\/index.php\/wp-json\/wp\/v2\/posts\/552\/revisions"}],"predecessor-version":[{"id":607,"href":"https:\/\/poumonvertsaintmitre.fr\/index.php\/wp-json\/wp\/v2\/posts\/552\/revisions\/607"}],"wp:featuredmedia":[{"embeddable":true,"href":"https:\/\/poumonvertsaintmitre.fr\/index.php\/wp-json\/wp\/v2\/media\/599"}],"wp:attachment":[{"href":"https:\/\/poumonvertsaintmitre.fr\/index.php\/wp-json\/wp\/v2\/media?parent=552"}],"wp:term":[{"taxonomy":"category","embeddable":true,"href":"https:\/\/poumonvertsaintmitre.fr\/index.php\/wp-json\/wp\/v2\/categories?post=552"},{"taxonomy":"post_tag","embeddable":true,"href":"https:\/\/poumonvertsaintmitre.fr\/index.php\/wp-json\/wp\/v2\/tags?post=552"}],"curies":[{"name":"wp","href":"https:\/\/api.w.org\/{rel}","templated":true}]}}