{"id":548,"date":"2025-09-24T11:01:15","date_gmt":"2025-09-24T09:01:15","guid":{"rendered":"https:\/\/poumonvertsaintmitre.fr\/?p=548"},"modified":"2025-09-24T11:01:16","modified_gmt":"2025-09-24T09:01:16","slug":"la-metropole-sobstine-a-ignorer-la-justice-sur-lex-linea","status":"publish","type":"post","link":"https:\/\/poumonvertsaintmitre.fr\/index.php\/2025\/09\/24\/la-metropole-sobstine-a-ignorer-la-justice-sur-lex-linea\/","title":{"rendered":"La M\u00e9tropole s\u2019obstine \u00e0 ignorer la justice sur l\u2019ex-LINEA"},"content":{"rendered":"\n<p>Le 21 mai 2025, la justice a tranch\u00e9 : les emplacements r\u00e9serv\u00e9s destin\u00e9s au projet de voie rapide <strong>LINEA<\/strong> \u00e0 Marseille, Plan-de-Cuques et Allauch devaient \u00eatre <strong>supprim\u00e9s imm\u00e9diatement<\/strong>. Cette d\u00e9cision marquait la fin officielle d\u2019un projet reconnu inutile et nuisible pour les habitants comme pour l\u2019environnement.<\/p>\n\n\n\n<p>Pourtant, plusieurs mois apr\u00e8s, la M\u00e9tropole n\u2019a toujours pas appliqu\u00e9 ce jugement. Les terrains restent gel\u00e9s, maintenant des contraintes absurdes sur les riverains et l\u2019am\u00e9nagement local. En refusant d\u2019ex\u00e9cuter la d\u00e9cision de justice, la collectivit\u00e9 entretient une zone d\u2019incertitude qui emp\u00eache tout projet alternatif et continue de faire planer la menace d\u2019une voie autorouti\u00e8re d\u00e9guis\u00e9e.<\/p>\n\n\n\n<p>Or, l\u2019avenir de ces secteurs ne doit pas \u00eatre dict\u00e9 par un projet abandonn\u00e9, mais par une <strong>concertation r\u00e9elle avec les habitants<\/strong>. La M\u00e9tropole a toute latitude pour lancer des \u00e9tudes, imaginer de nouveaux usages respectueux du territoire, et concevoir un am\u00e9nagement qui favorise la qualit\u00e9 de vie, la biodiversit\u00e9 et la mobilit\u00e9 douce \u2014 sans recr\u00e9er une route pour les voitures.<\/p>\n\n\n\n<p>En persistant \u00e0 maintenir des emplacements r\u00e9serv\u00e9s ill\u00e9gitimes, la M\u00e9tropole tourne le dos non seulement \u00e0 la justice, mais aussi \u00e0 la transition \u00e9cologique et aux attentes citoyennes.<\/p>\n\n\n\n<figure class=\"wp-block-embed is-type-video is-provider-youtube wp-block-embed-youtube wp-embed-aspect-4-3 wp-has-aspect-ratio\"><div class=\"wp-block-embed__wrapper\">\n<div class=\"zak-oembed-container\"><iframe loading=\"lazy\" title=\"20250923   Le retour de la LINEA\" width=\"812\" height=\"457\" src=\"https:\/\/www.youtube.com\/embed\/PhiWAZYMYhA?feature=oembed\" frameborder=\"0\" allow=\"accelerometer; autoplay; clipboard-write; encrypted-media; gyroscope; picture-in-picture; web-share\" referrerpolicy=\"strict-origin-when-cross-origin\" allowfullscreen><\/iframe><\/div>\n<\/div><\/figure>\n","protected":false},"excerpt":{"rendered":"<p>Le 21 mai 2025, la justice a tranch\u00e9 : les emplacements r\u00e9serv\u00e9s destin\u00e9s au projet de voie rapide LINEA \u00e0 Marseille, Plan-de-Cuques et Allauch devaient \u00eatre supprim\u00e9s imm\u00e9diatement. Cette d\u00e9cision marquait la fin officielle d\u2019un projet reconnu inutile et nuisible pour les habitants comme pour l\u2019environnement. Pourtant, plusieurs mois apr\u00e8s, la M\u00e9tropole n\u2019a toujours pas [&hellip;]<\/p>\n","protected":false},"author":1,"featured_media":0,"comment_status":"open","ping_status":"open","sticky":false,"template":"","format":"standard","meta":{"footnotes":""},"categories":[1],"tags":[],"class_list":["post-548","post","type-post","status-publish","format-standard","hentry","category-actu"],"_links":{"self":[{"href":"https:\/\/poumonvertsaintmitre.fr\/index.php\/wp-json\/wp\/v2\/posts\/548","targetHints":{"allow":["GET"]}}],"collection":[{"href":"https:\/\/poumonvertsaintmitre.fr\/index.php\/wp-json\/wp\/v2\/posts"}],"about":[{"href":"https:\/\/poumonvertsaintmitre.fr\/index.php\/wp-json\/wp\/v2\/types\/post"}],"author":[{"embeddable":true,"href":"https:\/\/poumonvertsaintmitre.fr\/index.php\/wp-json\/wp\/v2\/users\/1"}],"replies":[{"embeddable":true,"href":"https:\/\/poumonvertsaintmitre.fr\/index.php\/wp-json\/wp\/v2\/comments?post=548"}],"version-history":[{"count":1,"href":"https:\/\/poumonvertsaintmitre.fr\/index.php\/wp-json\/wp\/v2\/posts\/548\/revisions"}],"predecessor-version":[{"id":549,"href":"https:\/\/poumonvertsaintmitre.fr\/index.php\/wp-json\/wp\/v2\/posts\/548\/revisions\/549"}],"wp:attachment":[{"href":"https:\/\/poumonvertsaintmitre.fr\/index.php\/wp-json\/wp\/v2\/media?parent=548"}],"wp:term":[{"taxonomy":"category","embeddable":true,"href":"https:\/\/poumonvertsaintmitre.fr\/index.php\/wp-json\/wp\/v2\/categories?post=548"},{"taxonomy":"post_tag","embeddable":true,"href":"https:\/\/poumonvertsaintmitre.fr\/index.php\/wp-json\/wp\/v2\/tags?post=548"}],"curies":[{"name":"wp","href":"https:\/\/api.w.org\/{rel}","templated":true}]}}