{"id":545,"date":"2025-09-24T17:48:31","date_gmt":"2025-09-24T15:48:31","guid":{"rendered":"https:\/\/poumonvertsaintmitre.fr\/?p=545"},"modified":"2025-09-24T17:48:31","modified_gmt":"2025-09-24T15:48:31","slug":"venez-feter-nos-10-ans","status":"publish","type":"post","link":"https:\/\/poumonvertsaintmitre.fr\/index.php\/2025\/09\/24\/venez-feter-nos-10-ans\/","title":{"rendered":"Venez f\u00eater nos 10 ans !"},"content":{"rendered":"\n<p>Cher(e) adh\u00e9rent(e), Cher(e) sympathisant(e),<\/p>\n\n\n\n<p>Cela fait dix ans que notre association s&rsquo;est cr\u00e9\u00e9e pour lutter contre les atteintes \u00e0 l&rsquo;environnement dans notre quartier et au-del\u00e0<\/p>\n\n\n\n<p>Nous vous invitons \u00e0 venir f\u00eater cet \u00e9v\u00e8nement, au cours duquel nous ferons un point d&rsquo;actualit\u00e9 sur nos actions en cours.<\/p>\n\n\n\n<p><strong>La r\u00e9union aura lieu au CAQ de la Batarelle: 1 chemin des Grives 13013 Marseille&nbsp;(<a href=\"https:\/\/maps.app.goo.gl\/rEdXohmm3aoECbJi7\" target=\"_blank\" rel=\"noreferrer noopener\" aria-label=\"plan (s\u2019ouvre dans un nouvel onglet)\">plan<\/a>)<\/strong><\/p>\n\n\n\n<p>D\u00e8s&nbsp;<strong>9 heures<\/strong>, nous vous accueillerons avec un caf\u00e9 de bienvenue.<\/p>\n\n\n\n<p>Puis, nous aurons l&rsquo;occasion d&rsquo;aborder l&rsquo;<strong>ordre du jour<\/strong>\u00a0de notre r\u00e9union, avec notamment :<\/p>\n\n\n\n<div class=\"wp-block-group is-layout-constrained wp-block-group-is-layout-constrained\">\n<ul class=\"wp-block-list\">\n<li>le retour du projet routier LINEA dans nos quartiers ( et oui&#8230;!)<\/li>\n\n\n\n<li>la destruction de l&rsquo;habitat de la chouette chev\u00eache<\/li>\n\n\n\n<li>les inondations de rues par atteinte de la nappe phr\u00e9atique par les promoteurs<\/li>\n\n\n\n<li>les d\u00e9charges sauvages<\/li>\n<\/ul>\n<\/div>\n\n\n\n<p>A bient\u00f4t !<\/p>\n\n\n\n<p>Philippe&nbsp; MUSARELLA, Pr\u00e9sident Association pour la sauvegarde et l&rsquo;animation du poumon vert de saint mitre<\/p>\n\n\n\n<figure class=\"wp-block-image size-large\"><img loading=\"lazy\" decoding=\"async\" width=\"683\" height=\"1024\" src=\"https:\/\/poumonvertsaintmitre.fr\/wp-content\/uploads\/2025\/09\/Affiche-10-ans-2025-09-20-683x1024.jpg\" alt=\"\" class=\"wp-image-546\" srcset=\"https:\/\/poumonvertsaintmitre.fr\/wp-content\/uploads\/2025\/09\/Affiche-10-ans-2025-09-20-683x1024.jpg 683w, https:\/\/poumonvertsaintmitre.fr\/wp-content\/uploads\/2025\/09\/Affiche-10-ans-2025-09-20-200x300.jpg 200w, https:\/\/poumonvertsaintmitre.fr\/wp-content\/uploads\/2025\/09\/Affiche-10-ans-2025-09-20-768x1152.jpg 768w, https:\/\/poumonvertsaintmitre.fr\/wp-content\/uploads\/2025\/09\/Affiche-10-ans-2025-09-20.jpg 1024w\" sizes=\"auto, (max-width: 683px) 100vw, 683px\" \/><\/figure>\n","protected":false},"excerpt":{"rendered":"<p>Cher(e) adh\u00e9rent(e), Cher(e) sympathisant(e), Cela fait dix ans que notre association s&rsquo;est cr\u00e9\u00e9e pour lutter contre les atteintes \u00e0 l&rsquo;environnement dans notre quartier et au-del\u00e0 Nous vous invitons \u00e0 venir f\u00eater cet \u00e9v\u00e8nement, au cours duquel nous ferons un point d&rsquo;actualit\u00e9 sur nos actions en cours. La r\u00e9union aura lieu au CAQ de la Batarelle: [&hellip;]<\/p>\n","protected":false},"author":1,"featured_media":546,"comment_status":"open","ping_status":"open","sticky":false,"template":"","format":"standard","meta":{"footnotes":""},"categories":[1],"tags":[],"class_list":["post-545","post","type-post","status-publish","format-standard","has-post-thumbnail","hentry","category-actu"],"_links":{"self":[{"href":"https:\/\/poumonvertsaintmitre.fr\/index.php\/wp-json\/wp\/v2\/posts\/545","targetHints":{"allow":["GET"]}}],"collection":[{"href":"https:\/\/poumonvertsaintmitre.fr\/index.php\/wp-json\/wp\/v2\/posts"}],"about":[{"href":"https:\/\/poumonvertsaintmitre.fr\/index.php\/wp-json\/wp\/v2\/types\/post"}],"author":[{"embeddable":true,"href":"https:\/\/poumonvertsaintmitre.fr\/index.php\/wp-json\/wp\/v2\/users\/1"}],"replies":[{"embeddable":true,"href":"https:\/\/poumonvertsaintmitre.fr\/index.php\/wp-json\/wp\/v2\/comments?post=545"}],"version-history":[{"count":1,"href":"https:\/\/poumonvertsaintmitre.fr\/index.php\/wp-json\/wp\/v2\/posts\/545\/revisions"}],"predecessor-version":[{"id":547,"href":"https:\/\/poumonvertsaintmitre.fr\/index.php\/wp-json\/wp\/v2\/posts\/545\/revisions\/547"}],"wp:featuredmedia":[{"embeddable":true,"href":"https:\/\/poumonvertsaintmitre.fr\/index.php\/wp-json\/wp\/v2\/media\/546"}],"wp:attachment":[{"href":"https:\/\/poumonvertsaintmitre.fr\/index.php\/wp-json\/wp\/v2\/media?parent=545"}],"wp:term":[{"taxonomy":"category","embeddable":true,"href":"https:\/\/poumonvertsaintmitre.fr\/index.php\/wp-json\/wp\/v2\/categories?post=545"},{"taxonomy":"post_tag","embeddable":true,"href":"https:\/\/poumonvertsaintmitre.fr\/index.php\/wp-json\/wp\/v2\/tags?post=545"}],"curies":[{"name":"wp","href":"https:\/\/api.w.org\/{rel}","templated":true}]}}