{"id":254,"date":"2024-01-07T21:16:33","date_gmt":"2024-01-07T20:16:33","guid":{"rendered":"http:\/\/poumonvertsaintmitre.fr\/?p=254"},"modified":"2025-12-12T21:21:08","modified_gmt":"2025-12-12T20:21:08","slug":"notre-combat-5","status":"publish","type":"post","link":"https:\/\/poumonvertsaintmitre.fr\/index.php\/2024\/01\/07\/notre-combat-5\/","title":{"rendered":"Notre combat : Sanctuarisation des terres agricoles intra-urbaines"},"content":{"rendered":"\n<div class=\"wp-block-media-text is-stacked-on-mobile\"><figure class=\"wp-block-media-text__media\"><img loading=\"lazy\" decoding=\"async\" width=\"1024\" height=\"683\" src=\"http:\/\/poumonvertsaintmitre.fr\/wp-content\/uploads\/2024\/02\/ferme-talus-agriculture-urbaine-1024x683.jpg\" alt=\"\" class=\"wp-image-335 size-full\" srcset=\"https:\/\/poumonvertsaintmitre.fr\/wp-content\/uploads\/2024\/02\/ferme-talus-agriculture-urbaine-1024x683.jpg 1024w, https:\/\/poumonvertsaintmitre.fr\/wp-content\/uploads\/2024\/02\/ferme-talus-agriculture-urbaine-300x200.jpg 300w, https:\/\/poumonvertsaintmitre.fr\/wp-content\/uploads\/2024\/02\/ferme-talus-agriculture-urbaine-768x512.jpg 768w, https:\/\/poumonvertsaintmitre.fr\/wp-content\/uploads\/2024\/02\/ferme-talus-agriculture-urbaine.jpg 1500w\" sizes=\"auto, (max-width: 1024px) 100vw, 1024px\" \/><\/figure><div class=\"wp-block-media-text__content\">\n<p><\/p>\n<\/div><\/div>\n\n\n\n<p><\/p>\n\n\n\n<p>En janvier 2024, la M\u00e9tropole demande l\u2019avis des citoyens, \u00e0 travers une concertation portant sur la modification n\u00b04 du PLUI, dont le but est d\u2019ouvrir \u00e0 l\u2019urbanisation ces terrains ex agricoles (zonage AU). Nous sommes des fervents d\u00e9fenseurs des terres agricoles et ex agricoles qui existent encore dans l\u2019agglom\u00e9ration marseillaise, notamment situ\u00e9s \u00e0 proximit\u00e9 du Canal de Marseille.<\/p>\n\n\n\n<p>Ces terrains devraient notamment permettre de contribuer \u00e0 l\u2019autonomie alimentaire locale et participent au maintien de la biodiversit\u00e9 en ville. Le pi\u00e9mont de l\u2019Etoile est particuli\u00e8rement concern\u00e9.<\/p>\n\n\n\n<p>Nous demandons donc que ces zones AU redeviennent agricoles ou naturelles.<\/p>\n\n\n\n<p>La M\u00e9tropole nous a r\u00e9pondu qu\u2019une tr\u00e8s grande majorit\u00e9 des zones AU situ\u00e9es sur les pi\u00e9monts de l\u2019\u00e9toile ont \u00e9t\u00e9 bascul\u00e9es en zone agricole ou naturelle (62,5 ha), dans le document soumis \u00e0 enqu\u00eate publique pour adoption par le conseil m\u00e9tropolitain en octobre 2025.<\/p>\n\n\n\n<p>Nous continuerons \u00e0 demander ce retour pour les autres terrains non retenus cette fois ci.<\/p>\n\n\n\n<p><a href=\"https:\/\/drive.google.com\/drive\/folders\/1ogd-yQlXtLDJrY29FoufZe5pL1dhrpOi?usp=drive_link\" data-type=\"link\" data-id=\"https:\/\/drive.google.com\/drive\/folders\/1ogd-yQlXtLDJrY29FoufZe5pL1dhrpOi?usp=drive_link\" target=\"_blank\" rel=\"noreferrer noopener\"><strong><span style=\"text-decoration: underline;\">La presse parle de nous<\/span><\/strong><\/a><\/p>\n\n\n\n<p><a href=\"https:\/\/drive.google.com\/drive\/folders\/1qZYo-eA4x02zhKA41JylrnqoxPw81sxt?usp=drive_link\" data-type=\"link\" data-id=\"https:\/\/drive.google.com\/drive\/folders\/1qZYo-eA4x02zhKA41JylrnqoxPw81sxt?usp=drive_link\" target=\"_blank\" rel=\"noreferrer noopener\"><strong><span style=\"text-decoration: underline;\">Dossier en ligne<\/span><\/strong><\/a><\/p>\n\n\n\n<p>\u2501\u2501\u2501\u2501\u2501\u2501\u2501\u2501\u2501\u2501\u2501\u2501\u2501\u2501\u2501\u2501\u2501\u2501\u2501\u2501\u2501\u2501\u2501\u2501\u2501\u2501\u2501\u2501\u2501\u2501\u2501\u2501\u2501\u2501\u2501\u2501\u2501<\/p>\n","protected":false},"excerpt":{"rendered":"<p>En janvier 2024, la M\u00e9tropole demande l\u2019avis des citoyens, \u00e0 travers une concertation portant sur la modification n\u00b04 du PLUI, dont le but est d\u2019ouvrir \u00e0 l\u2019urbanisation ces terrains ex agricoles (zonage AU). Nous sommes des fervents d\u00e9fenseurs des terres agricoles et ex agricoles qui existent encore dans l\u2019agglom\u00e9ration marseillaise, notamment situ\u00e9s \u00e0 proximit\u00e9 du [&hellip;]<\/p>\n","protected":false},"author":1,"featured_media":335,"comment_status":"open","ping_status":"open","sticky":false,"template":"","format":"standard","meta":{"footnotes":""},"categories":[11],"tags":[],"class_list":["post-254","post","type-post","status-publish","format-standard","has-post-thumbnail","hentry","category-sanctuarisation-des-terres-agricoles-intra-urbaines"],"_links":{"self":[{"href":"https:\/\/poumonvertsaintmitre.fr\/index.php\/wp-json\/wp\/v2\/posts\/254","targetHints":{"allow":["GET"]}}],"collection":[{"href":"https:\/\/poumonvertsaintmitre.fr\/index.php\/wp-json\/wp\/v2\/posts"}],"about":[{"href":"https:\/\/poumonvertsaintmitre.fr\/index.php\/wp-json\/wp\/v2\/types\/post"}],"author":[{"embeddable":true,"href":"https:\/\/poumonvertsaintmitre.fr\/index.php\/wp-json\/wp\/v2\/users\/1"}],"replies":[{"embeddable":true,"href":"https:\/\/poumonvertsaintmitre.fr\/index.php\/wp-json\/wp\/v2\/comments?post=254"}],"version-history":[{"count":5,"href":"https:\/\/poumonvertsaintmitre.fr\/index.php\/wp-json\/wp\/v2\/posts\/254\/revisions"}],"predecessor-version":[{"id":675,"href":"https:\/\/poumonvertsaintmitre.fr\/index.php\/wp-json\/wp\/v2\/posts\/254\/revisions\/675"}],"wp:featuredmedia":[{"embeddable":true,"href":"https:\/\/poumonvertsaintmitre.fr\/index.php\/wp-json\/wp\/v2\/media\/335"}],"wp:attachment":[{"href":"https:\/\/poumonvertsaintmitre.fr\/index.php\/wp-json\/wp\/v2\/media?parent=254"}],"wp:term":[{"taxonomy":"category","embeddable":true,"href":"https:\/\/poumonvertsaintmitre.fr\/index.php\/wp-json\/wp\/v2\/categories?post=254"},{"taxonomy":"post_tag","embeddable":true,"href":"https:\/\/poumonvertsaintmitre.fr\/index.php\/wp-json\/wp\/v2\/tags?post=254"}],"curies":[{"name":"wp","href":"https:\/\/api.w.org\/{rel}","templated":true}]}}